{"id":5734,"date":"2022-07-09T16:04:29","date_gmt":"2022-07-09T15:04:29","guid":{"rendered":"http:\/\/www.marchanddetrucs.com\/blog\/?p=5734"},"modified":"2022-07-09T16:18:08","modified_gmt":"2022-07-09T15:18:08","slug":"dates-fermeture-estivale","status":"publish","type":"post","link":"http:\/\/www.marchanddetrucs.com\/blog\/2022\/07\/09\/dates-fermeture-estivale\/","title":{"rendered":"Dates fermeture estivale"},"content":{"rendered":"<p><img loading=\"lazy\" src=\"http:\/\/www.marchanddetrucs.com\/blog\/wp-content\/uploads\/2022\/07\/Vacances-productivite-1.jpg\" alt=\"\" width=\"540\" height=\"331\" class=\"alignnone size-full wp-image-5736\" srcset=\"http:\/\/www.marchanddetrucs.com\/blog\/wp-content\/uploads\/2022\/07\/Vacances-productivite-1.jpg 540w, http:\/\/www.marchanddetrucs.com\/blog\/wp-content\/uploads\/2022\/07\/Vacances-productivite-1-300x184.jpg 300w\" sizes=\"(max-width: 540px) 100vw, 540px\" \/><\/p>\n\n<p><strong>Le d\u00e9but de l&#8217;ann\u00e9e 2022 a \u00e9t\u00e9 tr\u00e8s riche pour nous<\/strong>, nous avons fait avancer <strong>beaucoup de projets en coulisse<\/strong>. L&#8217;organisation de <strong>notre d\u00e9m\u00e9nagement dans nos nouveaux locaux en septembre\/octobre<\/strong> nous prend \u00e9galement beaucoup de temps, ces derniers mois ont \u00e9t\u00e9 tr\u00e8s \u00e9prouvants et tout autant stimulants pour la suite de notre aventure. Nous avons h\u00e2te de vous faire d\u00e9couvrir ces nouveaux projets que nous vous pr\u00e9parons depuis des semaines et des mois et nous sommes impatients de vous faire visiter les nouveaux locaux de Marchand de trucs.<\/p>\n\n<p>Nous fermons la boutique <strong>du 12 juillet 13h au 1er Aout 2022<\/strong>, les commandes pass\u00e9es dans cet intervalle seront trait\u00e9es \u00e0 notre retour le 2 Aout 2022, soyez forts et courageux si vous \u00eates au travail, profitez du mieux possible si vous \u00eates en vacances avec votre famille et vos amis. Nous nous retrouverons tr\u00e8s vite&#8230;<\/p>\n","protected":false},"excerpt":{"rendered":"<p>Le d\u00e9but de l&#8217;ann\u00e9e 2022 a \u00e9t\u00e9 tr\u00e8s riche pour nous, nous avons fait avancer beaucoup de projets en coulisse. L&#8217;organisation de notre d\u00e9m\u00e9nagement dans nos nouveaux locaux en septembre\/octobre nous prend \u00e9galement beaucoup de temps, ces derniers mois ont \u00e9t\u00e9 tr\u00e8s \u00e9prouvants et tout autant stimulants pour la suite de notre aventure. Nous avons [&hellip;]<\/p>","protected":false},"author":9,"featured_media":0,"comment_status":"open","ping_status":"closed","sticky":false,"template":"","format":"standard","meta":[],"categories":[1],"tags":[],"_links":{"self":[{"href":"http:\/\/www.marchanddetrucs.com\/blog\/wp-json\/wp\/v2\/posts\/5734"}],"collection":[{"href":"http:\/\/www.marchanddetrucs.com\/blog\/wp-json\/wp\/v2\/posts"}],"about":[{"href":"http:\/\/www.marchanddetrucs.com\/blog\/wp-json\/wp\/v2\/types\/post"}],"author":[{"embeddable":true,"href":"http:\/\/www.marchanddetrucs.com\/blog\/wp-json\/wp\/v2\/users\/9"}],"replies":[{"embeddable":true,"href":"http:\/\/www.marchanddetrucs.com\/blog\/wp-json\/wp\/v2\/comments?post=5734"}],"version-history":[{"count":3,"href":"http:\/\/www.marchanddetrucs.com\/blog\/wp-json\/wp\/v2\/posts\/5734\/revisions"}],"predecessor-version":[{"id":5739,"href":"http:\/\/www.marchanddetrucs.com\/blog\/wp-json\/wp\/v2\/posts\/5734\/revisions\/5739"}],"wp:attachment":[{"href":"http:\/\/www.marchanddetrucs.com\/blog\/wp-json\/wp\/v2\/media?parent=5734"}],"wp:term":[{"taxonomy":"category","embeddable":true,"href":"http:\/\/www.marchanddetrucs.com\/blog\/wp-json\/wp\/v2\/categories?post=5734"},{"taxonomy":"post_tag","embeddable":true,"href":"http:\/\/www.marchanddetrucs.com\/blog\/wp-json\/wp\/v2\/tags?post=5734"}],"curies":[{"name":"wp","href":"https:\/\/api.w.org\/{rel}","templated":true}]}}