{"id":2443,"date":"2015-11-20T00:09:05","date_gmt":"2015-11-19T23:09:05","guid":{"rendered":"http:\/\/www.marchanddetrucs.com\/blog\/?p=2443"},"modified":"2015-11-20T00:09:05","modified_gmt":"2015-11-19T23:09:05","slug":"journee-magique-a-la-gaite-montparnasse","status":"publish","type":"post","link":"http:\/\/www.marchanddetrucs.com\/blog\/2015\/11\/20\/journee-magique-a-la-gaite-montparnasse\/","title":{"rendered":"Journ\u00e9e magique \u00e0 la ga\u00eft\u00e9 Montparnasse"},"content":{"rendered":"<p><a href=\"http:\/\/www.marchanddetrucs.com\/blog\/wp-content\/uploads\/2015\/11\/gaite.jpg\"><img loading=\"lazy\" src=\"http:\/\/www.marchanddetrucs.com\/blog\/wp-content\/uploads\/2015\/11\/gaite.jpg\" alt=\"\" title=\"gaite\" width=\"425\" height=\"526\" class=\"alignnone size-full wp-image-2444\" srcset=\"http:\/\/www.marchanddetrucs.com\/blog\/wp-content\/uploads\/2015\/11\/gaite.jpg 425w, http:\/\/www.marchanddetrucs.com\/blog\/wp-content\/uploads\/2015\/11\/gaite-242x300.jpg 242w\" sizes=\"(max-width: 425px) 100vw, 425px\" \/><\/a><\/p>\n\n<h4>Journ\u00e9e magique<\/h4>\n\n<p>Alain Choquette pr\u00e9sente la Journ\u00e9e Magique \u00e0 la Ga\u00eft\u00e9<\/p>\n\n<p>2 conf\u00e9rences et 2 spectacles<\/p>\n\n<p>La journ\u00e9e commencera avec la conf\u00e9rence de Olmac suivi de Luke Jermay (avec traducteur) et enfin l\u2019apr\u00e8s midi le spectacle d\u2019Alain Choquette et pour cl\u00f4turer en beaut\u00e9 cette journ\u00e9e Luc Apers \u201cLa v\u00e9ritable Histoire de Paul Cr\u00e8s\u201d<\/p>\n\n<p>9h00 Accueille des participants\n9h30 Conf\u00e9rence Olmac\n11h30 Conf\u00e9rence Luke Jermay\n13h45 Pause d\u00e9jeuner\n15h00 Spectacle Alain Choquette\n17h30 Spectacle Luc Apers\n19h00 fin<\/p>\n\n<p>Th\u00e9atre de la Ga\u00eft\u00e9-Montparnasse\n26 rue de la Ga\u00eft\u00e9\nParis<\/p>\n\n<p>R\u00e9servation&#160;: 0143221618<\/p>\n","protected":false},"excerpt":{"rendered":"<p>Journ\u00e9e magique Alain Choquette pr\u00e9sente la Journ\u00e9e Magique \u00e0 la Ga\u00eft\u00e9 2 conf\u00e9rences et 2 spectacles La journ\u00e9e commencera avec la conf\u00e9rence de Olmac suivi de Luke Jermay (avec traducteur) et enfin l\u2019apr\u00e8s midi le spectacle d\u2019Alain Choquette et pour cl\u00f4turer en beaut\u00e9 cette journ\u00e9e Luc Apers \u201cLa v\u00e9ritable Histoire de Paul Cr\u00e8s\u201d 9h00 Accueille [&hellip;]<\/p>","protected":false},"author":9,"featured_media":0,"comment_status":"closed","ping_status":"closed","sticky":false,"template":"","format":"standard","meta":[],"categories":[1],"tags":[],"_links":{"self":[{"href":"http:\/\/www.marchanddetrucs.com\/blog\/wp-json\/wp\/v2\/posts\/2443"}],"collection":[{"href":"http:\/\/www.marchanddetrucs.com\/blog\/wp-json\/wp\/v2\/posts"}],"about":[{"href":"http:\/\/www.marchanddetrucs.com\/blog\/wp-json\/wp\/v2\/types\/post"}],"author":[{"embeddable":true,"href":"http:\/\/www.marchanddetrucs.com\/blog\/wp-json\/wp\/v2\/users\/9"}],"replies":[{"embeddable":true,"href":"http:\/\/www.marchanddetrucs.com\/blog\/wp-json\/wp\/v2\/comments?post=2443"}],"version-history":[{"count":2,"href":"http:\/\/www.marchanddetrucs.com\/blog\/wp-json\/wp\/v2\/posts\/2443\/revisions"}],"predecessor-version":[{"id":2446,"href":"http:\/\/www.marchanddetrucs.com\/blog\/wp-json\/wp\/v2\/posts\/2443\/revisions\/2446"}],"wp:attachment":[{"href":"http:\/\/www.marchanddetrucs.com\/blog\/wp-json\/wp\/v2\/media?parent=2443"}],"wp:term":[{"taxonomy":"category","embeddable":true,"href":"http:\/\/www.marchanddetrucs.com\/blog\/wp-json\/wp\/v2\/categories?post=2443"},{"taxonomy":"post_tag","embeddable":true,"href":"http:\/\/www.marchanddetrucs.com\/blog\/wp-json\/wp\/v2\/tags?post=2443"}],"curies":[{"name":"wp","href":"https:\/\/api.w.org\/{rel}","templated":true}]}}