{"id":2048,"date":"2014-10-19T16:19:59","date_gmt":"2014-10-19T15:19:59","guid":{"rendered":"http:\/\/www.marchanddetrucs.com\/blog\/?p=2048"},"modified":"2014-10-19T16:19:59","modified_gmt":"2014-10-19T15:19:59","slug":"le-nouveau-livre-de-fanch-guillemin-en-souscription","status":"publish","type":"post","link":"http:\/\/www.marchanddetrucs.com\/blog\/2014\/10\/19\/le-nouveau-livre-de-fanch-guillemin-en-souscription\/","title":{"rendered":"Le nouveau livre de Fanch Guillemin en souscription&#160;!"},"content":{"rendered":"<p><a href=\"http:\/\/www.marchanddetrucs.com\/magasin-de-magie\/supports\/livres\/francais\/l-art-du-ventriloque.html\"><img loading=\"lazy\" src=\"http:\/\/www.marchanddetrucs.com\/blog\/wp-content\/uploads\/2014\/10\/l-art-de-la-ventriloquie.jpg\" alt=\"\" title=\"l-art-de-la-ventriloquie\" width=\"245\" height=\"245\" class=\"alignnone size-full wp-image-2049\" srcset=\"http:\/\/www.marchanddetrucs.com\/blog\/wp-content\/uploads\/2014\/10\/l-art-de-la-ventriloquie.jpg 245w, http:\/\/www.marchanddetrucs.com\/blog\/wp-content\/uploads\/2014\/10\/l-art-de-la-ventriloquie-150x150.jpg 150w\" sizes=\"(max-width: 245px) 100vw, 245px\" \/><\/a><\/p>\n\n<h4>Pr\u00e9commande<\/h4>\n\n<p>La sortie officielle du livre est pr\u00e9vue le <strong>3 Novembre 2014<\/strong>. Pr\u00e9-commandez d\u00e8s \u00e0 pr\u00e9sent le livre de Fanch Guillemin et b\u00e9n\u00e9ficiez du prix de lancement de<strong> 35 euros au lieu de 40 euros<\/strong> jusqu\u2019au 2 Novembre 2014.<\/p>\n\n<p>Le Livre sera exp\u00e9di\u00e9 \u00e0 partir du<strong> 3 Novembre 2014<\/strong> suivant l\u2019ordre d\u2019arriv\u00e9e des commandes.\nDescription<\/p>\n\n<p>Voici le premier ouvrage important publi\u00e9 en fran\u00e7ais sur la ventriloquie\u2026 depuis celui de l\u2019abb\u00e9 de La Chapelle en 1772&#160;!<\/p>\n\n<p>Au fil de ces 146 pages, Fanch Guillemin vous fait d\u00e9couvrir l\u2019histoire fabuleuse et m\u00e9connue de cet art \u00e9trange, <strong>de l\u2019Antiquit\u00e9 \u00e0 nos jours.<\/strong> Ce voyage est illustr\u00e9 de nombreux documents in\u00e9dits reproduits en couleurs.<\/p>\n\n<p>En bonus, Fanch partage ses secrets de ventriloque pour ceux qui voudraient s\u2019initier \u00e0 cet art et il r\u00e9v\u00e8le pour la premi\u00e8re fois les dialogues qui ont fait son succ\u00e8s - avec la complicit\u00e9 de sa c\u00e9l\u00e8bre poup\u00e9e Isidore - depuis des dizaines d\u2019ann\u00e9es&#160;!<\/p>\n\n<p>Tout cela en fait l\u2019ouvrage indispensable \u00e0 tous ceux qui veulent d\u00e9couvrir \u00e0 la fois l\u2019histoire mill\u00e9naire et les techniques jalousement gard\u00e9es de la ventriloquie.<\/p>\n\n<h4>A propos de l\u2019auteur<\/h4>\n\n<p>Fanch Guillemin, ancien professeur et aventurier, est l\u2019auteur de nombreux articles et livres de r\u00e9f\u00e9rence sur l\u2019histoire de la magie publi\u00e9s dans plusieurs langues. Sans cesse en voyage aux quatre coins du monde pour rencontrer sorciers et chamanes, il a pr\u00e9sent\u00e9 son spectacle de magie et de ventriloquie en Ethiopie, en Inde, au Costa Rica, en Papouasie, en Laponie, en Amazonie, en Mongolie, sur l\u2019\u00cele de P\u00e2ques\u2026 et m\u00eame en Bretagne&#160;!<\/p>\n\n<h4>Sommaire<\/h4>\n\n<ul>\n<li>Avant-propos<\/li>\n<li>De la parole \u00e0 la ventriloquie<\/li>\n<li>Ventriloquie et religion<\/li>\n<li>Les ventriloques de la Gr\u00e8ce antique<\/li>\n<li>Jongleurs et baladins du Moyen \u00c2ge<\/li>\n<li>La ventriloque de Rabelais<\/li>\n<li>\u00c0 la Cour de Fran\u00e7ois Ier<\/li>\n<li>Les Diables de Loudun<\/li>\n<li>La poup\u00e9e parlante du baron Von Mengen<\/li>\n<li>Ventriloques du Directoire et du Ier Empire<\/li>\n<li>La ventriloquie au th\u00e9\u00e2tre<\/li>\n<li>Un ventriloque au tribunal<\/li>\n<li>Alexandre Vattemare<\/li>\n<li>L\u2019ours et le ventriloque<\/li>\n<li>Au XIXe si\u00e8cle<\/li>\n<li>\u00c0 la fin du XIXe si\u00e8cle<\/li>\n<li>Ventriloques du XXe si\u00e8cle<\/li>\n<li>Comment devenir ventriloque<\/li>\n<li>La voix expir\u00e9e<\/li>\n<li>La voix aspir\u00e9e<\/li>\n<li>Dialogues sp\u00e9ciaux de ventriloquie<\/li>\n<\/ul>\n\n<h4>Caract\u00e9ristiques du livre<\/h4>\n\n<ul>\n<li>160 pages couleurs<\/li>\n<li>format 18x26&#160;cm<\/li>\n<li>Nombreuses illustrations et photos en couleur<\/li>\n<li>Couverture rigide quadri<\/li>\n<li>Reliure couture<\/li>\n<\/ul>\n\n<h4>D\u00e9tails du livre<\/h4>\n\n<ul>\n<li>Mise en page de Benoit Drager<\/li>\n<\/ul>\n","protected":false},"excerpt":{"rendered":"<p>Pr\u00e9commande La sortie officielle du livre est pr\u00e9vue le 3 Novembre 2014. Pr\u00e9-commandez d\u00e8s \u00e0 pr\u00e9sent le livre de Fanch Guillemin et b\u00e9n\u00e9ficiez du prix de lancement de 35 euros au lieu de 40 euros jusqu\u2019au 2 Novembre 2014. Le Livre sera exp\u00e9di\u00e9 \u00e0 partir du 3 Novembre 2014 suivant l\u2019ordre d\u2019arriv\u00e9e des commandes. Description [&hellip;]<\/p>","protected":false},"author":9,"featured_media":0,"comment_status":"closed","ping_status":"closed","sticky":false,"template":"","format":"standard","meta":[],"categories":[1],"tags":[],"_links":{"self":[{"href":"http:\/\/www.marchanddetrucs.com\/blog\/wp-json\/wp\/v2\/posts\/2048"}],"collection":[{"href":"http:\/\/www.marchanddetrucs.com\/blog\/wp-json\/wp\/v2\/posts"}],"about":[{"href":"http:\/\/www.marchanddetrucs.com\/blog\/wp-json\/wp\/v2\/types\/post"}],"author":[{"embeddable":true,"href":"http:\/\/www.marchanddetrucs.com\/blog\/wp-json\/wp\/v2\/users\/9"}],"replies":[{"embeddable":true,"href":"http:\/\/www.marchanddetrucs.com\/blog\/wp-json\/wp\/v2\/comments?post=2048"}],"version-history":[{"count":4,"href":"http:\/\/www.marchanddetrucs.com\/blog\/wp-json\/wp\/v2\/posts\/2048\/revisions"}],"predecessor-version":[{"id":2064,"href":"http:\/\/www.marchanddetrucs.com\/blog\/wp-json\/wp\/v2\/posts\/2048\/revisions\/2064"}],"wp:attachment":[{"href":"http:\/\/www.marchanddetrucs.com\/blog\/wp-json\/wp\/v2\/media?parent=2048"}],"wp:term":[{"taxonomy":"category","embeddable":true,"href":"http:\/\/www.marchanddetrucs.com\/blog\/wp-json\/wp\/v2\/categories?post=2048"},{"taxonomy":"post_tag","embeddable":true,"href":"http:\/\/www.marchanddetrucs.com\/blog\/wp-json\/wp\/v2\/tags?post=2048"}],"curies":[{"name":"wp","href":"https:\/\/api.w.org\/{rel}","templated":true}]}}