{"id":2042,"date":"2014-09-21T23:23:43","date_gmt":"2014-09-21T22:23:43","guid":{"rendered":"http:\/\/www.marchanddetrucs.com\/blog\/?p=2042"},"modified":"2014-09-24T11:45:53","modified_gmt":"2014-09-24T10:45:53","slug":"2eme-edition-de-la-semaine-du-livre-2-livres-achetes-le-3eme-offert","status":"publish","type":"post","link":"http:\/\/www.marchanddetrucs.com\/blog\/2014\/09\/21\/2eme-edition-de-la-semaine-du-livre-2-livres-achetes-le-3eme-offert\/","title":{"rendered":"2\u00e8me \u00c9dition de La semaine du livre, 2 livres achet\u00e9s = le 3\u00e8me offert&#160;!"},"content":{"rendered":"<p><a href=\"http:\/\/www.marchanddetrucs.com\/blog\/wp-content\/uploads\/2014\/09\/offre.jpg\"><img loading=\"lazy\" src=\"http:\/\/www.marchanddetrucs.com\/blog\/wp-content\/uploads\/2014\/09\/offre.jpg\" alt=\"\" title=\"offre\" width=\"425\" height=\"600\" class=\"alignnone size-full wp-image-2044\" srcset=\"http:\/\/www.marchanddetrucs.com\/blog\/wp-content\/uploads\/2014\/09\/offre.jpg 425w, http:\/\/www.marchanddetrucs.com\/blog\/wp-content\/uploads\/2014\/09\/offre-212x300.jpg 212w\" sizes=\"(max-width: 425px) 100vw, 425px\" \/><\/a><\/p>\n\n<h4>Semaine du livre du 24 septembre au 1er Octobre 2014.<\/h4>\n\n<p>La 1\u00e8re \u00e9dition de la semaine du livre en d\u00e9but d&#8217;ann\u00e9e <strong>avait remport\u00e9 un r\u00e9el succ\u00e8s<\/strong>, si vous n&#8217;\u00e9tiez il est temps de vous rattraper&#8230;<\/p>\n\n<p><strong>Il vous manque des livres de nos \u00c9ditions et vous souhaitez compl\u00e9ter votre collection&#160;?<\/strong><\/p>\n\n<p><strong>La semaine du livre est faite pour vous<\/strong>, allez dans la partie &#8221; <a href=\"http:\/\/www.marchanddetrucs.com\/magasin-de-magie\/selections\/nos-livres\/\">Nos livres<\/a> &#8221; sur notre site, commandez deux livres, le troisi\u00e8me vous sera offert (le livre offert sera le moins cher des trois).<\/p>\n\n<h4>Conditions de la promo<\/h4>\n\n<ul>\n<li><strong>Offre uniquement valable du 24 septembre au 1er Octobre 2014.<\/strong><\/li>\n<li>Pour B\u00e9n\u00e9ficier de la promo<strong> il suffit d&#8217;indiquer dans les commentaires le livre que vous d\u00e9sirez avoir en cadeau.**<\/strong><\/li>\n<\/ul>\n\n<p>Pour r\u00e9sumer&#160;:<\/p>\n\n<ul>\n<li>Vous mettez deux livres dans votre panier des \u00c9ditions Marchand de trucs.<\/li>\n<li>Vous indiquez un troisi\u00e8me  livre (le moins cher) dans les commentaires lors de la commande.<\/li>\n<li>Vous finalisez la commande, et vous recevrez 3 livres pour le prix de 2&#160;! <\/li>\n<\/ul>\n","protected":false},"excerpt":{"rendered":"<p>Semaine du livre du 24 septembre au 1er Octobre 2014. La 1\u00e8re \u00e9dition de la semaine du livre en d\u00e9but d&#8217;ann\u00e9e avait remport\u00e9 un r\u00e9el succ\u00e8s, si vous n&#8217;\u00e9tiez il est temps de vous rattraper&#8230; Il vous manque des livres de nos \u00c9ditions et vous souhaitez compl\u00e9ter votre collection&#160;? La semaine du livre est faite [&hellip;]<\/p>","protected":false},"author":9,"featured_media":0,"comment_status":"closed","ping_status":"closed","sticky":false,"template":"","format":"standard","meta":[],"categories":[1],"tags":[],"_links":{"self":[{"href":"http:\/\/www.marchanddetrucs.com\/blog\/wp-json\/wp\/v2\/posts\/2042"}],"collection":[{"href":"http:\/\/www.marchanddetrucs.com\/blog\/wp-json\/wp\/v2\/posts"}],"about":[{"href":"http:\/\/www.marchanddetrucs.com\/blog\/wp-json\/wp\/v2\/types\/post"}],"author":[{"embeddable":true,"href":"http:\/\/www.marchanddetrucs.com\/blog\/wp-json\/wp\/v2\/users\/9"}],"replies":[{"embeddable":true,"href":"http:\/\/www.marchanddetrucs.com\/blog\/wp-json\/wp\/v2\/comments?post=2042"}],"version-history":[{"count":5,"href":"http:\/\/www.marchanddetrucs.com\/blog\/wp-json\/wp\/v2\/posts\/2042\/revisions"}],"predecessor-version":[{"id":2182,"href":"http:\/\/www.marchanddetrucs.com\/blog\/wp-json\/wp\/v2\/posts\/2042\/revisions\/2182"}],"wp:attachment":[{"href":"http:\/\/www.marchanddetrucs.com\/blog\/wp-json\/wp\/v2\/media?parent=2042"}],"wp:term":[{"taxonomy":"category","embeddable":true,"href":"http:\/\/www.marchanddetrucs.com\/blog\/wp-json\/wp\/v2\/categories?post=2042"},{"taxonomy":"post_tag","embeddable":true,"href":"http:\/\/www.marchanddetrucs.com\/blog\/wp-json\/wp\/v2\/tags?post=2042"}],"curies":[{"name":"wp","href":"https:\/\/api.w.org\/{rel}","templated":true}]}}