{"id":1806,"date":"2013-10-09T17:42:24","date_gmt":"2013-10-09T16:42:24","guid":{"rendered":"http:\/\/www.marchanddetrucs.com\/blog\/?p=1806"},"modified":"2013-10-09T19:43:36","modified_gmt":"2013-10-09T18:43:36","slug":"jacques-delord","status":"publish","type":"post","link":"http:\/\/www.marchanddetrucs.com\/blog\/2013\/10\/09\/jacques-delord\/","title":{"rendered":"Jacques Delord&#8230;"},"content":{"rendered":"<h4>La Trilogie de Jacques Delord<\/h4>\n\n<p>Merci \u00e0 vous tous pour l&#8217;accueil que vous avez fait au livre la <a href=\"http:\/\/www.marchanddetrucs.com\/magasin-de-magie\/selections\/nouveautes\/la-trilogie-livre-dvd-.html\">Trilogie de Jacques Delord<\/a> durant le congr\u00e8s FFAP de Saint-Etienne.<\/p>\n\n<p>Le livre \u00e9tait pr\u00e9sent\u00e9 en avant premi\u00e8re et sa sortie officielle est pr\u00e9vue le 16 Novembre 2013 lors de la soir\u00e9e sp\u00e9ciale d\u00e9di\u00e9e \u00e0 Jacques Delord au mus\u00e9e de la magie \u00e0 Blois.<\/p>\n\n<p>Vous pouvez d\u00e8s \u00e0 pr\u00e9sent le <a href=\"http:\/\/www.marchanddetrucs.com\/magasin-de-magie\/selections\/nouveautes\/la-trilogie-livre-dvd-.html\">pr\u00e9-commander<\/a> et b\u00e9n\u00e9ficier du prix de <strong>50 euros au lieu de 60 euros.<\/strong><\/p>\n\n<p><strong>Les livres de Jacques Delord<\/strong> font partie du patrimoine magique depuis de nombreuses ann\u00e9es, ces livres sont une r\u00e9f\u00e9rence pour beaucoup et notamment pour Hugues Protat. Nous le remercions du fond du coeur d&#8217;avoir pens\u00e9 \u00e0 dire un petit mot pour cette r\u00e9\u00e9dition lors du Gala de samedi soir.<\/p>\n\n<p><a href=\"http:\/\/www.marchanddetrucs.com\/blog\/wp-content\/uploads\/2013\/10\/FAP_4422.jpeg\"><img loading=\"lazy\" src=\"http:\/\/www.marchanddetrucs.com\/blog\/wp-content\/uploads\/2013\/10\/FAP_4422.jpeg\" alt=\"\" title=\"Hugues Protat\" width=\"420\" height=\"634\" class=\"alignnone size-full wp-image-1807\" \/><\/a><\/p>\n\n<p>Cr\u00e9dit photo&#160;: Xavier Belmont<\/p>\n","protected":false},"excerpt":{"rendered":"<p>La Trilogie de Jacques Delord Merci \u00e0 vous tous pour l&#8217;accueil que vous avez fait au livre la Trilogie de Jacques Delord durant le congr\u00e8s FFAP de Saint-Etienne. Le livre \u00e9tait pr\u00e9sent\u00e9 en avant premi\u00e8re et sa sortie officielle est pr\u00e9vue le 16 Novembre 2013 lors de la soir\u00e9e sp\u00e9ciale d\u00e9di\u00e9e \u00e0 Jacques Delord au [&hellip;]<\/p>","protected":false},"author":9,"featured_media":0,"comment_status":"closed","ping_status":"closed","sticky":false,"template":"","format":"standard","meta":[],"categories":[1],"tags":[],"_links":{"self":[{"href":"http:\/\/www.marchanddetrucs.com\/blog\/wp-json\/wp\/v2\/posts\/1806"}],"collection":[{"href":"http:\/\/www.marchanddetrucs.com\/blog\/wp-json\/wp\/v2\/posts"}],"about":[{"href":"http:\/\/www.marchanddetrucs.com\/blog\/wp-json\/wp\/v2\/types\/post"}],"author":[{"embeddable":true,"href":"http:\/\/www.marchanddetrucs.com\/blog\/wp-json\/wp\/v2\/users\/9"}],"replies":[{"embeddable":true,"href":"http:\/\/www.marchanddetrucs.com\/blog\/wp-json\/wp\/v2\/comments?post=1806"}],"version-history":[{"count":5,"href":"http:\/\/www.marchanddetrucs.com\/blog\/wp-json\/wp\/v2\/posts\/1806\/revisions"}],"predecessor-version":[{"id":1812,"href":"http:\/\/www.marchanddetrucs.com\/blog\/wp-json\/wp\/v2\/posts\/1806\/revisions\/1812"}],"wp:attachment":[{"href":"http:\/\/www.marchanddetrucs.com\/blog\/wp-json\/wp\/v2\/media?parent=1806"}],"wp:term":[{"taxonomy":"category","embeddable":true,"href":"http:\/\/www.marchanddetrucs.com\/blog\/wp-json\/wp\/v2\/categories?post=1806"},{"taxonomy":"post_tag","embeddable":true,"href":"http:\/\/www.marchanddetrucs.com\/blog\/wp-json\/wp\/v2\/tags?post=1806"}],"curies":[{"name":"wp","href":"https:\/\/api.w.org\/{rel}","templated":true}]}}