{"id":1771,"date":"2013-08-16T19:52:04","date_gmt":"2013-08-16T18:52:04","guid":{"rendered":"http:\/\/www.marchanddetrucs.com\/blog\/?p=1771"},"modified":"2013-08-19T00:00:47","modified_gmt":"2013-08-18T23:00:47","slug":"la-trilogie-de-jacques-delord","status":"publish","type":"post","link":"http:\/\/www.marchanddetrucs.com\/blog\/2013\/08\/16\/la-trilogie-de-jacques-delord\/","title":{"rendered":"La Trilogie de Jacques Delord&#8230;"},"content":{"rendered":"<h4>La Trilogie de Jacques Delord<\/h4>\n\n<p>C&#8217;est avec un grand plaisir que je vous fait d\u00e9couvrir la couverture du livre de Jacques Delord que nous sommes en train d&#8217;\u00e9diter.\nLe livre sera disponible en avant premi\u00e8re au congr\u00e8s FFAP de Saint \u00e9tienne avant sa sortie officielle en octobre 2013 \u00e0 la maison de la magie \u00e0 blois \u00e0 l&#8217;occasion de la soir\u00e9e sp\u00e9ciale Jacques Delord.<\/p>\n\n<p><a href=\"http:\/\/www.marchanddetrucs.com\/blog\/wp-content\/uploads\/2013\/08\/DelordFront420.jpg\"><img loading=\"lazy\" src=\"http:\/\/www.marchanddetrucs.com\/blog\/wp-content\/uploads\/2013\/08\/DelordFront420-300x300.jpg\" alt=\"\" title=\"DelordFront420\" width=\"300\" height=\"300\" class=\"alignnone size-medium wp-image-1772\" srcset=\"http:\/\/www.marchanddetrucs.com\/blog\/wp-content\/uploads\/2013\/08\/DelordFront420-300x300.jpg 300w, http:\/\/www.marchanddetrucs.com\/blog\/wp-content\/uploads\/2013\/08\/DelordFront420-150x150.jpg 150w, http:\/\/www.marchanddetrucs.com\/blog\/wp-content\/uploads\/2013\/08\/DelordFront420.jpg 420w\" sizes=\"(max-width: 300px) 100vw, 300px\" \/><\/a>\n<a href=\"http:\/\/www.marchanddetrucs.com\/blog\/wp-content\/uploads\/2013\/08\/DelordDos420.jpg\"><img loading=\"lazy\" src=\"http:\/\/www.marchanddetrucs.com\/blog\/wp-content\/uploads\/2013\/08\/DelordDos420-300x300.jpg\" alt=\"\" title=\"DelordDos420\" width=\"300\" height=\"300\" class=\"alignnone size-medium wp-image-1773\" srcset=\"http:\/\/www.marchanddetrucs.com\/blog\/wp-content\/uploads\/2013\/08\/DelordDos420-300x300.jpg 300w, http:\/\/www.marchanddetrucs.com\/blog\/wp-content\/uploads\/2013\/08\/DelordDos420-150x150.jpg 150w, http:\/\/www.marchanddetrucs.com\/blog\/wp-content\/uploads\/2013\/08\/DelordDos420.jpg 420w\" sizes=\"(max-width: 300px) 100vw, 300px\" \/><\/a><\/p>\n","protected":false},"excerpt":{"rendered":"<p>La Trilogie de Jacques Delord C&#8217;est avec un grand plaisir que je vous fait d\u00e9couvrir la couverture du livre de Jacques Delord que nous sommes en train d&#8217;\u00e9diter. Le livre sera disponible en avant premi\u00e8re au congr\u00e8s FFAP de Saint \u00e9tienne avant sa sortie officielle en octobre 2013 \u00e0 la maison de la magie \u00e0 [&hellip;]<\/p>","protected":false},"author":9,"featured_media":0,"comment_status":"closed","ping_status":"closed","sticky":false,"template":"","format":"standard","meta":[],"categories":[1],"tags":[],"_links":{"self":[{"href":"http:\/\/www.marchanddetrucs.com\/blog\/wp-json\/wp\/v2\/posts\/1771"}],"collection":[{"href":"http:\/\/www.marchanddetrucs.com\/blog\/wp-json\/wp\/v2\/posts"}],"about":[{"href":"http:\/\/www.marchanddetrucs.com\/blog\/wp-json\/wp\/v2\/types\/post"}],"author":[{"embeddable":true,"href":"http:\/\/www.marchanddetrucs.com\/blog\/wp-json\/wp\/v2\/users\/9"}],"replies":[{"embeddable":true,"href":"http:\/\/www.marchanddetrucs.com\/blog\/wp-json\/wp\/v2\/comments?post=1771"}],"version-history":[{"count":4,"href":"http:\/\/www.marchanddetrucs.com\/blog\/wp-json\/wp\/v2\/posts\/1771\/revisions"}],"predecessor-version":[{"id":1776,"href":"http:\/\/www.marchanddetrucs.com\/blog\/wp-json\/wp\/v2\/posts\/1771\/revisions\/1776"}],"wp:attachment":[{"href":"http:\/\/www.marchanddetrucs.com\/blog\/wp-json\/wp\/v2\/media?parent=1771"}],"wp:term":[{"taxonomy":"category","embeddable":true,"href":"http:\/\/www.marchanddetrucs.com\/blog\/wp-json\/wp\/v2\/categories?post=1771"},{"taxonomy":"post_tag","embeddable":true,"href":"http:\/\/www.marchanddetrucs.com\/blog\/wp-json\/wp\/v2\/tags?post=1771"}],"curies":[{"name":"wp","href":"https:\/\/api.w.org\/{rel}","templated":true}]}}